{"id":2469,"date":"2023-02-18T15:43:31","date_gmt":"2023-02-18T14:43:31","guid":{"rendered":"https:\/\/mg-bechterdissen.de\/?p=2469"},"modified":"2024-02-26T16:57:24","modified_gmt":"2024-02-26T15:57:24","slug":"taenzer-und-stolperer-vortragsreihe-mit-bernhard-ott","status":"publish","type":"post","link":"https:\/\/mg-bechterdissen.de\/?p=2469","title":{"rendered":"Vortragsreihe mit Bernhard Ott vom 09. bis 10. M\u00e4rz"},"content":{"rendered":"\n<p>Wir laden zu einer Vortragsreihe mit Bernhard Ott zu dem Thema &#8222;Gemeinde auf der B\u00fchne des 21. Jahrhunderts inszenieren&#8220; ein. Die Vortragsreihe findet vom 09. &#8211; 10. M\u00e4rz in der Mennonitengemeinde Bechterdissen statt.<\/p>\n\n\n\n<p>Samstag, 9. M\u00e4rz 19:00 Uhr: Die B\u00fchne unserer Welt: \u201eWas wird hier eigentlich gespielt?\u201c<\/p>\n\n\n\n<p>Sonntag, 10.M\u00e4rz\u00a010:00 Uhr:\u00a0Das Drehbuch des Sch\u00f6pfers: \u201eVon der K\u00f6rpersprache Gottes &#8230;\u201c<\/p>\n\n\n\n<p>Sonntag, 10.M\u00e4rz\u00a019:00 Uhr: Die Inszenierung von Gemeinde: \u201e&#8230; zur K\u00f6rpersprache der Gemeinde\u201c<\/p>\n\n\n\n<p>Bernhard Ott schreibt: \u201eWir leben in Zeiten gro\u00dfer Umbr\u00fcche. Auch als Gemeinde. Wie geht es dir mit Ver\u00e4nderungen? F\u00fcr manche wecken Ver\u00e4nderungen hoffnungsvolle Erwartungen. Andere sind verunsichert und besorgt.<\/p>\n\n\n\n<p>In diesem Gemeindeseminar befassen wir uns mit Ver\u00e4nderungen anhand eines Bildes. Wir stellen uns Gemeinde als Inszenierung eines Dramas auf einer B\u00fchne vor. Das Drehbuch ist uns in der Bibel gegeben. Die B\u00fchne wechselt im Laufe der Generationen und der gesellschaftlichen Entwicklungen. Die kulturelle B\u00fchne, auf der wir heute Gemeinde inszenieren, ist nicht mehr die B\u00fchne des 20. Jahrhunderts, nicht mehr die B\u00fchne fr\u00fcherer Generationen.<\/p>\n\n\n\n<p>Als Gemeinde sind wir gesandt, das Drehbuch des Sch\u00f6pfers auf der B\u00fchne der Gegenwart so zu inszenieren, dass die gute Nachricht von Jesus h\u00f6rbar und erfahrbar wird.\u201c<\/p>\n","protected":false},"excerpt":{"rendered":"<p>Wir laden zu einer Vortragsreihe mit Bernhard Ott zu dem Thema &#8222;Gemeinde auf der B\u00fchne des 21. Jahrhunderts inszenieren&#8220; ein. Die Vortragsreihe findet vom 09. &#8211; 10. M\u00e4rz in der&hellip; <\/p>\n","protected":false},"author":2,"featured_media":2820,"comment_status":"open","ping_status":"open","sticky":false,"template":"","format":"standard","meta":{"footnotes":""},"categories":[1],"tags":[],"class_list":["post-2469","post","type-post","status-publish","format-standard","has-post-thumbnail","hentry","category-allgemein"],"_links":{"self":[{"href":"https:\/\/mg-bechterdissen.de\/index.php?rest_route=\/wp\/v2\/posts\/2469","targetHints":{"allow":["GET"]}}],"collection":[{"href":"https:\/\/mg-bechterdissen.de\/index.php?rest_route=\/wp\/v2\/posts"}],"about":[{"href":"https:\/\/mg-bechterdissen.de\/index.php?rest_route=\/wp\/v2\/types\/post"}],"author":[{"embeddable":true,"href":"https:\/\/mg-bechterdissen.de\/index.php?rest_route=\/wp\/v2\/users\/2"}],"replies":[{"embeddable":true,"href":"https:\/\/mg-bechterdissen.de\/index.php?rest_route=%2Fwp%2Fv2%2Fcomments&post=2469"}],"version-history":[{"count":4,"href":"https:\/\/mg-bechterdissen.de\/index.php?rest_route=\/wp\/v2\/posts\/2469\/revisions"}],"predecessor-version":[{"id":2826,"href":"https:\/\/mg-bechterdissen.de\/index.php?rest_route=\/wp\/v2\/posts\/2469\/revisions\/2826"}],"wp:featuredmedia":[{"embeddable":true,"href":"https:\/\/mg-bechterdissen.de\/index.php?rest_route=\/wp\/v2\/media\/2820"}],"wp:attachment":[{"href":"https:\/\/mg-bechterdissen.de\/index.php?rest_route=%2Fwp%2Fv2%2Fmedia&parent=2469"}],"wp:term":[{"taxonomy":"category","embeddable":true,"href":"https:\/\/mg-bechterdissen.de\/index.php?rest_route=%2Fwp%2Fv2%2Fcategories&post=2469"},{"taxonomy":"post_tag","embeddable":true,"href":"https:\/\/mg-bechterdissen.de\/index.php?rest_route=%2Fwp%2Fv2%2Ftags&post=2469"}],"curies":[{"name":"wp","href":"https:\/\/api.w.org\/{rel}","templated":true}]}}