{"id":3053,"date":"2025-01-03T12:41:27","date_gmt":"2025-01-03T11:41:27","guid":{"rendered":"https:\/\/mg-bechterdissen.de\/?p=3053"},"modified":"2025-01-04T09:36:55","modified_gmt":"2025-01-04T08:36:55","slug":"jubilaeumsjahr-2025-500-jahre-taeuferbewegung","status":"publish","type":"post","link":"https:\/\/mg-bechterdissen.de\/?p=3053","title":{"rendered":"Jubil\u00e4umsjahr 2025: 500 Jahre T\u00e4uferbewegung"},"content":{"rendered":"\n<p>In diesem Jahr wird an 500 Jahre T\u00e4uferbewegung erinnert.<\/p>\n\n\n\n<p>Der <strong><u>21. Januar 1525<\/u><\/strong> markiert die Geburtsstunde der radikalen T\u00e4uferbewegung mit der ersten Glaubenstaufe eines Erwachsenen im Gegensatz der von der evangelischen und katholischen Kirche bis heute praktizierten Kindertaufe. Georg Blaurock wird durch Konrad Grebel im Hause von Felix Manz in Z\u00fcrich auf das Bekenntnis seines Glaubens hin getauft. Er wiederum tauft die weiteren Anwesenden an diesem Abend. Somit entsteht der Begriff der sogenannten Wiedert\u00e4ufer, da sie bereits als Kind getauft wurden.<\/p>\n\n\n\n<p>Schon seit einigen Jahren laufen die Planungen. Eine Reihe von Reisen zu historisch-t\u00e4uferischen Orten, Konferenzen und Vortr\u00e4gen werden angeboten. Auch wir als Mennonitengemeinde Bechterdissen wollen uns erinnern.<\/p>\n\n\n\n<p>Johann Peter Wiebe hat bereits am <strong><u>3. November 2024<\/u><\/strong> zur Geschichte unsere Gemeinde berichtet.<\/p>\n\n\n\n<p>Mit Lukas Amstutz wollen wir vom <strong><u>14.-16. Februar 2025<\/u><\/strong> in das Thema bei uns in der Gemeinde eintauchen. Begleitend dazu wird eine Wanderausstellung `<em>Gewagt! 500 Jahre T\u00e4uferbewegung 1525 \u2013 2025<\/em>\u00b4 unsere Geschichte ebenfalls veranschaulichen.<\/p>\n\n\n\n<p>Eine Reise nach M\u00fcnster, Niederlande und Ostfriesland unter der Leitung von Johann Peter Wiebe ist vom <strong><u>28.-30. M\u00e4rz 2025<\/u><\/strong> geplant. Hier wollen wir auf den Spuren der T\u00e4ufer wandeln. Unsere Reise beginnt in M\u00fcnster. Anschlie\u00dfend wollen wir in der Stadt Haarlem die Altstadt besichtigen und erhalten eine F\u00fchrung durch die gro\u00dfe Kirche der Haarlemer Mennonitengemeinde. In Witmarsum und Pingjum, in Westfriesland, besuchen wir die fr\u00fchen Wirkungsst\u00e4tten von Menno Simons. Am Nachmittag geht es weiter nach Leer in Ostfriesland. Am Sonntag feiern wir einen Gottesdienst in die Mennonitenkirche in Norden. Danach geht es nach Emden in die \u201eGro\u00dfe Kirche\u201c. Hier wurden 1530 300 Personen von Melchior Hofmann getauft. Dies gilt als Beginn der T\u00e4uferbewegung in Nordwestdeutschland und den Niederlanden. Die Einzelheiten zur Reise und die Anmeldung ist der separaten Einlegeblatt zu entnehmen.<\/p>\n\n\n\n<p>Am <strong><u>29. Mai 2025<\/u><\/strong> wird die Mennonitische Weltkonferenz G\u00e4ste aus der ganzen Welt zum Tag der Begegnung unter dem Motto `Mut zur Liebe\u00b4 in Z\u00fcrich begr\u00fc\u00dfen. Die ganzt\u00e4gige Feier erinnert an die Entstehung der T\u00e4uferbewegung. Nach Workshops, Konzerten, einer Podiumsdiskussion und selbstgef\u00fchrten historischen Rundg\u00e4ngen versammeln sich die Teilnehmer zu einem \u00f6kumenischen Gottesdienst im Gro\u00dfm\u00fcnster von Z\u00fcrich. Eine Anmeldung ist nicht erforderlich.<\/p>\n\n\n\n<p>Hier k\u00f6nnt ihr euch \u00fcber das Programm des Festtages informieren: <a href=\"https:\/\/www.anabaptism500.ch\/program-schedule\">https:\/\/www.anabaptism500.ch\/program-schedule<\/a><\/p>\n\n\n\n<p>Viele weitere Veranstaltungen im Jubil\u00e4umsjahr an diversen Orten (auch online), die gemeinsam von verschiedenen Institutionen, Netzwerken und t\u00e4uferischen Kirchen verantwortet werden, findet ihr hier:<\/p>\n\n\n\n<p><a href=\"https:\/\/www.anabaptism500.ch\/related-events\">Related Events \u2014 Anabaptism 500<\/a><\/p>\n\n\n\n<p><a href=\"https:\/\/taeuferbewegung2025.de\/2025-jubilaeum-feiern\/\">2025 500 Jahre T\u00e4ufer \u2013 Jubil\u00e4um feiern &#8211; Gewagt! 500 Jahre T\u00e4uferbewegung<\/a><\/p>\n\n\n\n<p>Das wird sicherlich ein spannendes Jubil\u00e4umsjahr zur Entstehung und Geschichte der T\u00e4uferbewegung. Wir w\u00fcnschen gute Erfahrungen und Gottes Segen beim Erforschen, Entdecken, Reflektieren und Feiern!<\/p>\n","protected":false},"excerpt":{"rendered":"<p>In diesem Jahr wird an 500 Jahre T\u00e4uferbewegung erinnert. Der 21. Januar 1525 markiert die Geburtsstunde der radikalen T\u00e4uferbewegung mit der ersten Glaubenstaufe eines Erwachsenen im Gegensatz der von der&hellip; <\/p>\n","protected":false},"author":3,"featured_media":3054,"comment_status":"open","ping_status":"open","sticky":false,"template":"","format":"standard","meta":{"footnotes":""},"categories":[1],"tags":[],"class_list":["post-3053","post","type-post","status-publish","format-standard","has-post-thumbnail","hentry","category-allgemein"],"_links":{"self":[{"href":"https:\/\/mg-bechterdissen.de\/index.php?rest_route=\/wp\/v2\/posts\/3053","targetHints":{"allow":["GET"]}}],"collection":[{"href":"https:\/\/mg-bechterdissen.de\/index.php?rest_route=\/wp\/v2\/posts"}],"about":[{"href":"https:\/\/mg-bechterdissen.de\/index.php?rest_route=\/wp\/v2\/types\/post"}],"author":[{"embeddable":true,"href":"https:\/\/mg-bechterdissen.de\/index.php?rest_route=\/wp\/v2\/users\/3"}],"replies":[{"embeddable":true,"href":"https:\/\/mg-bechterdissen.de\/index.php?rest_route=%2Fwp%2Fv2%2Fcomments&post=3053"}],"version-history":[{"count":3,"href":"https:\/\/mg-bechterdissen.de\/index.php?rest_route=\/wp\/v2\/posts\/3053\/revisions"}],"predecessor-version":[{"id":3083,"href":"https:\/\/mg-bechterdissen.de\/index.php?rest_route=\/wp\/v2\/posts\/3053\/revisions\/3083"}],"wp:featuredmedia":[{"embeddable":true,"href":"https:\/\/mg-bechterdissen.de\/index.php?rest_route=\/wp\/v2\/media\/3054"}],"wp:attachment":[{"href":"https:\/\/mg-bechterdissen.de\/index.php?rest_route=%2Fwp%2Fv2%2Fmedia&parent=3053"}],"wp:term":[{"taxonomy":"category","embeddable":true,"href":"https:\/\/mg-bechterdissen.de\/index.php?rest_route=%2Fwp%2Fv2%2Fcategories&post=3053"},{"taxonomy":"post_tag","embeddable":true,"href":"https:\/\/mg-bechterdissen.de\/index.php?rest_route=%2Fwp%2Fv2%2Ftags&post=3053"}],"curies":[{"name":"wp","href":"https:\/\/api.w.org\/{rel}","templated":true}]}}