{"id":3057,"date":"2025-01-03T13:17:15","date_gmt":"2025-01-03T12:17:15","guid":{"rendered":"https:\/\/mg-bechterdissen.de\/?p=3057"},"modified":"2025-01-03T13:41:49","modified_gmt":"2025-01-03T12:41:49","slug":"einladung-zum-vortrag-von-lukas-amstutz-500-jahre-taeuferbewegung-14-16-februar","status":"publish","type":"post","link":"https:\/\/mg-bechterdissen.de\/?p=3057","title":{"rendered":"Einladung zum Vortrag von Lukas Amstutz \u2013 500 Jahre T\u00e4uferbewegung: 14.-16. Februar"},"content":{"rendered":"\n<p><strong>Wanderausstellung<em> \u201eGewagt &#8211; 500 Jahre T\u00e4uferbewegung\u201c<\/em><\/strong> w\u00e4hrend der Veranstaltungen sowie am 14. Februar zwischen 16:00 und 20:00 Uhr<\/p>\n\n\n\n<p><strong>Samstag, 15. Februar um 9:00 Uhr<\/strong><\/p>\n\n\n\n<p><em><u>Von Z\u00fcrich in die Welt \u2013 Die Geschichte des T\u00e4ufertums<\/u><\/em><\/p>\n\n\n\n<p>Als Geburtsort des T\u00e4ufertums gilt h\u00e4ufig die Stadt Z\u00fcrich in der Schweiz. Vor 500 Jahren startete dort eine Bewegung, die sich in die ganze Welt ausgebreitet hat. Wir begeben uns auf die Spurensuche und fragen, wie der Glaube das Leben dieser Menschen gepr\u00e4gt und ver\u00e4ndert hat.<\/p>\n\n\n\n<p><strong>Samstag, 15. Februar um 19:00 Uhr<\/strong><\/p>\n\n\n\n<p><em><u>Friedensstifter wollen wir sein \u2013 Umk\u00e4mpftes Friedenszeugnis<\/u><\/em><\/p>\n\n\n\n<p>Das T\u00e4ufertum hat das Friedenszeugnis immer wieder hochgehalten. Mennoniten werden daher heute als \u201eHistorische Friedenskirche\u201c bezeichnet. Wir fragen danach, warum das Friedenszeugnis so eng mit dem t\u00e4uferischen Glauben verbunden ist und was dies f\u00fcr Theologie und Leben bedeutet.<\/p>\n\n\n\n<p><strong>Sonntag, 16. Februar um 10:00 Uhr<\/strong><\/p>\n\n\n\n<p><em><u>Fr\u00fcchte erkennen \u2013 St\u00e4rken und Schw\u00e4chen des T\u00e4ufertums<\/u><\/em><\/p>\n\n\n\n<p>Vor 500 Jahren kam es zum Bruch in der reformatorischen Bewegung. In neuerer Zeit gab es wieder Ann\u00e4herungen und Vers\u00f6hnungsschritte.&nbsp; Dabei wurde klar: Erneuerungsbewegungen wie das T\u00e4ufertum haben St\u00e4rken und Schw\u00e4chen. Sie wahrzunehmen, kann uns heute helfen, Erneuerung zu gestalten.<\/p>\n\n\n\n<figure class=\"wp-block-image size-full\"><img loading=\"lazy\" decoding=\"async\" width=\"475\" height=\"675\" src=\"https:\/\/mg-bechterdissen.de\/wp-content\/uploads\/2025\/01\/Vortrag-Lukas-Amstutz.png\" alt=\"\" class=\"wp-image-3071\" srcset=\"https:\/\/mg-bechterdissen.de\/wp-content\/uploads\/2025\/01\/Vortrag-Lukas-Amstutz.png 475w, https:\/\/mg-bechterdissen.de\/wp-content\/uploads\/2025\/01\/Vortrag-Lukas-Amstutz-211x300.png 211w\" sizes=\"auto, (max-width: 475px) 100vw, 475px\" \/><\/figure>\n","protected":false},"excerpt":{"rendered":"<p>Wanderausstellung \u201eGewagt &#8211; 500 Jahre T\u00e4uferbewegung\u201c w\u00e4hrend der Veranstaltungen sowie am 14. Februar zwischen 16:00 und 20:00 Uhr Samstag, 15. Februar um 9:00 Uhr Von Z\u00fcrich in die Welt \u2013&hellip; <\/p>\n","protected":false},"author":3,"featured_media":3058,"comment_status":"open","ping_status":"open","sticky":false,"template":"","format":"standard","meta":{"footnotes":""},"categories":[1],"tags":[],"class_list":["post-3057","post","type-post","status-publish","format-standard","has-post-thumbnail","hentry","category-allgemein"],"_links":{"self":[{"href":"https:\/\/mg-bechterdissen.de\/index.php?rest_route=\/wp\/v2\/posts\/3057","targetHints":{"allow":["GET"]}}],"collection":[{"href":"https:\/\/mg-bechterdissen.de\/index.php?rest_route=\/wp\/v2\/posts"}],"about":[{"href":"https:\/\/mg-bechterdissen.de\/index.php?rest_route=\/wp\/v2\/types\/post"}],"author":[{"embeddable":true,"href":"https:\/\/mg-bechterdissen.de\/index.php?rest_route=\/wp\/v2\/users\/3"}],"replies":[{"embeddable":true,"href":"https:\/\/mg-bechterdissen.de\/index.php?rest_route=%2Fwp%2Fv2%2Fcomments&post=3057"}],"version-history":[{"count":2,"href":"https:\/\/mg-bechterdissen.de\/index.php?rest_route=\/wp\/v2\/posts\/3057\/revisions"}],"predecessor-version":[{"id":3073,"href":"https:\/\/mg-bechterdissen.de\/index.php?rest_route=\/wp\/v2\/posts\/3057\/revisions\/3073"}],"wp:featuredmedia":[{"embeddable":true,"href":"https:\/\/mg-bechterdissen.de\/index.php?rest_route=\/wp\/v2\/media\/3058"}],"wp:attachment":[{"href":"https:\/\/mg-bechterdissen.de\/index.php?rest_route=%2Fwp%2Fv2%2Fmedia&parent=3057"}],"wp:term":[{"taxonomy":"category","embeddable":true,"href":"https:\/\/mg-bechterdissen.de\/index.php?rest_route=%2Fwp%2Fv2%2Fcategories&post=3057"},{"taxonomy":"post_tag","embeddable":true,"href":"https:\/\/mg-bechterdissen.de\/index.php?rest_route=%2Fwp%2Fv2%2Ftags&post=3057"}],"curies":[{"name":"wp","href":"https:\/\/api.w.org\/{rel}","templated":true}]}}