{"id":3065,"date":"2025-01-03T13:38:12","date_gmt":"2025-01-03T12:38:12","guid":{"rendered":"https:\/\/mg-bechterdissen.de\/?p=3065"},"modified":"2025-01-03T13:45:04","modified_gmt":"2025-01-03T12:45:04","slug":"mennonitische-weltkonferenz-feiert-am-29-mai-den-500-gedenktag-zur-taeuferbewegung-in-zuerich","status":"publish","type":"post","link":"https:\/\/mg-bechterdissen.de\/?p=3065","title":{"rendered":"Mennonitische Weltkonferenz feiert am 29. Mai den 500. Gedenktag zur T\u00e4uferbewegung in Z\u00fcrich"},"content":{"rendered":"\n<p>Am <strong><u>29. Mai 2025<\/u><\/strong> wird die Mennonitische Weltkonferenz G\u00e4ste aus der ganzen Welt zum Tag der Begegnung unter dem Motto `Mut zur Liebe\u00b4 in Z\u00fcrich begr\u00fc\u00dfen. Die ganzt\u00e4gige Feier erinnert an die Entstehung der T\u00e4uferbewegung. Nach Workshops, Konzerten, einer Podiumsdiskussion und selbstgef\u00fchrten historischen Rundg\u00e4ngen versammeln sich die Teilnehmer zu einem \u00f6kumenischen Gottesdienst im Gro\u00dfm\u00fcnster von Z\u00fcrich. Eine Anmeldung ist nicht erforderlich.<\/p>\n\n\n\n<p>Hier k\u00f6nnt ihr euch \u00fcber das Programm des Festtages informieren: <a href=\"https:\/\/www.anabaptism500.ch\/program-schedule\">https:\/\/www.anabaptism500.ch\/program-schedule<\/a><\/p>\n\n\n\n<p><a href=\"https:\/\/www.anabaptism500.ch\/\">Anabaptism@500<\/a><\/p>\n\n\n\n<figure class=\"wp-block-image size-large\"><img loading=\"lazy\" decoding=\"async\" width=\"724\" height=\"1024\" src=\"https:\/\/mg-bechterdissen.de\/wp-content\/uploads\/2025\/01\/500-Jahre-Taeuferbewegung_Mai-29-2025_Aktionstag-Zuerich-724x1024.jpg\" alt=\"\" class=\"wp-image-3066\" srcset=\"https:\/\/mg-bechterdissen.de\/wp-content\/uploads\/2025\/01\/500-Jahre-Taeuferbewegung_Mai-29-2025_Aktionstag-Zuerich-724x1024.jpg 724w, https:\/\/mg-bechterdissen.de\/wp-content\/uploads\/2025\/01\/500-Jahre-Taeuferbewegung_Mai-29-2025_Aktionstag-Zuerich-212x300.jpg 212w, https:\/\/mg-bechterdissen.de\/wp-content\/uploads\/2025\/01\/500-Jahre-Taeuferbewegung_Mai-29-2025_Aktionstag-Zuerich-768x1086.jpg 768w, https:\/\/mg-bechterdissen.de\/wp-content\/uploads\/2025\/01\/500-Jahre-Taeuferbewegung_Mai-29-2025_Aktionstag-Zuerich-1086x1536.jpg 1086w, https:\/\/mg-bechterdissen.de\/wp-content\/uploads\/2025\/01\/500-Jahre-Taeuferbewegung_Mai-29-2025_Aktionstag-Zuerich-1448x2048.jpg 1448w, https:\/\/mg-bechterdissen.de\/wp-content\/uploads\/2025\/01\/500-Jahre-Taeuferbewegung_Mai-29-2025_Aktionstag-Zuerich-scaled.jpg 1810w\" sizes=\"auto, (max-width: 724px) 100vw, 724px\" \/><\/figure>\n","protected":false},"excerpt":{"rendered":"<p>Am 29. Mai 2025 wird die Mennonitische Weltkonferenz G\u00e4ste aus der ganzen Welt zum Tag der Begegnung unter dem Motto `Mut zur Liebe\u00b4 in Z\u00fcrich begr\u00fc\u00dfen. Die ganzt\u00e4gige Feier erinnert&hellip; <\/p>\n","protected":false},"author":3,"featured_media":3068,"comment_status":"open","ping_status":"open","sticky":false,"template":"","format":"standard","meta":{"footnotes":""},"categories":[1],"tags":[],"class_list":["post-3065","post","type-post","status-publish","format-standard","has-post-thumbnail","hentry","category-allgemein"],"_links":{"self":[{"href":"https:\/\/mg-bechterdissen.de\/index.php?rest_route=\/wp\/v2\/posts\/3065","targetHints":{"allow":["GET"]}}],"collection":[{"href":"https:\/\/mg-bechterdissen.de\/index.php?rest_route=\/wp\/v2\/posts"}],"about":[{"href":"https:\/\/mg-bechterdissen.de\/index.php?rest_route=\/wp\/v2\/types\/post"}],"author":[{"embeddable":true,"href":"https:\/\/mg-bechterdissen.de\/index.php?rest_route=\/wp\/v2\/users\/3"}],"replies":[{"embeddable":true,"href":"https:\/\/mg-bechterdissen.de\/index.php?rest_route=%2Fwp%2Fv2%2Fcomments&post=3065"}],"version-history":[{"count":2,"href":"https:\/\/mg-bechterdissen.de\/index.php?rest_route=\/wp\/v2\/posts\/3065\/revisions"}],"predecessor-version":[{"id":3074,"href":"https:\/\/mg-bechterdissen.de\/index.php?rest_route=\/wp\/v2\/posts\/3065\/revisions\/3074"}],"wp:featuredmedia":[{"embeddable":true,"href":"https:\/\/mg-bechterdissen.de\/index.php?rest_route=\/wp\/v2\/media\/3068"}],"wp:attachment":[{"href":"https:\/\/mg-bechterdissen.de\/index.php?rest_route=%2Fwp%2Fv2%2Fmedia&parent=3065"}],"wp:term":[{"taxonomy":"category","embeddable":true,"href":"https:\/\/mg-bechterdissen.de\/index.php?rest_route=%2Fwp%2Fv2%2Fcategories&post=3065"},{"taxonomy":"post_tag","embeddable":true,"href":"https:\/\/mg-bechterdissen.de\/index.php?rest_route=%2Fwp%2Fv2%2Ftags&post=3065"}],"curies":[{"name":"wp","href":"https:\/\/api.w.org\/{rel}","templated":true}]}}