{"id":3253,"date":"2026-01-06T21:53:50","date_gmt":"2026-01-06T20:53:50","guid":{"rendered":"https:\/\/mg-bechterdissen.de\/?p=3253"},"modified":"2026-01-06T22:01:28","modified_gmt":"2026-01-06T21:01:28","slug":"einladung-zum-maenner-wochenende-vom-27-02-01-03","status":"publish","type":"post","link":"https:\/\/mg-bechterdissen.de\/?p=3253","title":{"rendered":"Einladung zum M\u00e4nner Wochenende vom 27.02.-01.03."},"content":{"rendered":"\n<p>Liebe M\u00e4nner, wir freuen uns auf ein gemeinsames Wochenende mit euch! Dieses Mal sind wir zu Gast im Sanderhof in D\u00f6rentrup.<\/p>\n\n\n\n<p>Wir m\u00f6chten Gemeinschaft haben, leckeres Essen genie\u00dfen und freuen uns auf einen starken Impuls von unserem Gast.<\/p>\n\n\n\n<p>Thema: Sch\u00f6ne neue Welt!? &#8211; die sexuelle Revolution und ihr Verm\u00e4chtnis<\/p>\n\n\n\n<p>Gastredner: Christoph Lang, Lehrer in Detmold<\/p>\n\n\n\n<p>Zeitgen\u00f6ssische kulturelle Ph\u00e4nomene findet Christoph besonders spannend. Er ist immer wieder bem\u00fcht diese von einer christlichen Perspektive her zu verstehen, einzuordnen und zu beurteilen.<\/p>\n\n\n\n<p>Gesamtkosten: \u20ac 180,00 (\u00dcbernachtung &amp; Verpflegung)<\/p>\n\n\n\n<p>Anmeldungen bis zum 30.01.2026 und Information bei: udo.fast@mg-bechterdissen.de oder telefonisch unter 0176 31602827<\/p>\n\n\n\n<figure class=\"wp-block-image\"><img loading=\"lazy\" decoding=\"async\" width=\"479\" height=\"651\" src=\"https:\/\/mg-bechterdissen.de\/wp-content\/uploads\/2026\/01\/Maennerfreizeit_2026.jpg\" alt=\"\" class=\"wp-image-3254\" srcset=\"https:\/\/mg-bechterdissen.de\/wp-content\/uploads\/2026\/01\/Maennerfreizeit_2026.jpg 479w, https:\/\/mg-bechterdissen.de\/wp-content\/uploads\/2026\/01\/Maennerfreizeit_2026-221x300.jpg 221w\" sizes=\"auto, (max-width: 479px) 100vw, 479px\" \/><figcaption class=\"wp-element-caption\">M\u00e4nnerfreizeit_2026<\/figcaption><\/figure>\n\n\n\n<p><\/p>\n","protected":false},"excerpt":{"rendered":"<p>Liebe M\u00e4nner, wir freuen uns auf ein gemeinsames Wochenende mit euch! Dieses Mal sind wir zu Gast im Sanderhof in D\u00f6rentrup. Wir m\u00f6chten Gemeinschaft haben, leckeres Essen genie\u00dfen und freuen&hellip; <\/p>\n","protected":false},"author":3,"featured_media":2811,"comment_status":"open","ping_status":"open","sticky":false,"template":"","format":"standard","meta":{"footnotes":""},"categories":[1],"tags":[],"class_list":["post-3253","post","type-post","status-publish","format-standard","has-post-thumbnail","hentry","category-allgemein"],"_links":{"self":[{"href":"https:\/\/mg-bechterdissen.de\/index.php?rest_route=\/wp\/v2\/posts\/3253","targetHints":{"allow":["GET"]}}],"collection":[{"href":"https:\/\/mg-bechterdissen.de\/index.php?rest_route=\/wp\/v2\/posts"}],"about":[{"href":"https:\/\/mg-bechterdissen.de\/index.php?rest_route=\/wp\/v2\/types\/post"}],"author":[{"embeddable":true,"href":"https:\/\/mg-bechterdissen.de\/index.php?rest_route=\/wp\/v2\/users\/3"}],"replies":[{"embeddable":true,"href":"https:\/\/mg-bechterdissen.de\/index.php?rest_route=%2Fwp%2Fv2%2Fcomments&post=3253"}],"version-history":[{"count":3,"href":"https:\/\/mg-bechterdissen.de\/index.php?rest_route=\/wp\/v2\/posts\/3253\/revisions"}],"predecessor-version":[{"id":3259,"href":"https:\/\/mg-bechterdissen.de\/index.php?rest_route=\/wp\/v2\/posts\/3253\/revisions\/3259"}],"wp:featuredmedia":[{"embeddable":true,"href":"https:\/\/mg-bechterdissen.de\/index.php?rest_route=\/wp\/v2\/media\/2811"}],"wp:attachment":[{"href":"https:\/\/mg-bechterdissen.de\/index.php?rest_route=%2Fwp%2Fv2%2Fmedia&parent=3253"}],"wp:term":[{"taxonomy":"category","embeddable":true,"href":"https:\/\/mg-bechterdissen.de\/index.php?rest_route=%2Fwp%2Fv2%2Fcategories&post=3253"},{"taxonomy":"post_tag","embeddable":true,"href":"https:\/\/mg-bechterdissen.de\/index.php?rest_route=%2Fwp%2Fv2%2Ftags&post=3253"}],"curies":[{"name":"wp","href":"https:\/\/api.w.org\/{rel}","templated":true}]}}