{"id":3325,"date":"2026-03-31T16:34:30","date_gmt":"2026-03-31T14:34:30","guid":{"rendered":"https:\/\/mg-bechterdissen.de\/?p=3325"},"modified":"2026-03-31T16:43:48","modified_gmt":"2026-03-31T14:43:48","slug":"wir-laden-herzlich-zum-osterfruehstueck-um-9-uhr-am-montag-ein","status":"publish","type":"post","link":"https:\/\/mg-bechterdissen.de\/?p=3325","title":{"rendered":"Wir laden herzlich zum Osterfr\u00fchst\u00fcck um 9 Uhr am Montag ein"},"content":{"rendered":"\n<p>Ostermontag, den 6. April um 9 Uhr m\u00f6chten wir miteinander \u00fcber das Wunder der Auferstehung von Jesus Christus, unseren HERRN und RETTER, bei Kaffee und Br\u00f6tchen ins Gespr\u00e4ch kommen.<\/p>\n\n\n\n<p>Eine Voranmeldung ist nicht erforderlich, f\u00fcr leckeres Essen ist gesorgt. Sei dabei!<\/p>\n\n\n\n<p><\/p>\n\n\n\n<p><\/p>\n","protected":false},"excerpt":{"rendered":"<p>Ostermontag, den 6. April um 9 Uhr m\u00f6chten wir miteinander \u00fcber das Wunder der Auferstehung von Jesus Christus, unseren HERRN und RETTER, bei Kaffee und Br\u00f6tchen ins Gespr\u00e4ch kommen. Eine&hellip; <\/p>\n","protected":false},"author":3,"featured_media":3327,"comment_status":"open","ping_status":"open","sticky":false,"template":"","format":"standard","meta":{"footnotes":""},"categories":[1],"tags":[],"class_list":["post-3325","post","type-post","status-publish","format-standard","has-post-thumbnail","hentry","category-allgemein"],"_links":{"self":[{"href":"https:\/\/mg-bechterdissen.de\/index.php?rest_route=\/wp\/v2\/posts\/3325","targetHints":{"allow":["GET"]}}],"collection":[{"href":"https:\/\/mg-bechterdissen.de\/index.php?rest_route=\/wp\/v2\/posts"}],"about":[{"href":"https:\/\/mg-bechterdissen.de\/index.php?rest_route=\/wp\/v2\/types\/post"}],"author":[{"embeddable":true,"href":"https:\/\/mg-bechterdissen.de\/index.php?rest_route=\/wp\/v2\/users\/3"}],"replies":[{"embeddable":true,"href":"https:\/\/mg-bechterdissen.de\/index.php?rest_route=%2Fwp%2Fv2%2Fcomments&post=3325"}],"version-history":[{"count":2,"href":"https:\/\/mg-bechterdissen.de\/index.php?rest_route=\/wp\/v2\/posts\/3325\/revisions"}],"predecessor-version":[{"id":3330,"href":"https:\/\/mg-bechterdissen.de\/index.php?rest_route=\/wp\/v2\/posts\/3325\/revisions\/3330"}],"wp:featuredmedia":[{"embeddable":true,"href":"https:\/\/mg-bechterdissen.de\/index.php?rest_route=\/wp\/v2\/media\/3327"}],"wp:attachment":[{"href":"https:\/\/mg-bechterdissen.de\/index.php?rest_route=%2Fwp%2Fv2%2Fmedia&parent=3325"}],"wp:term":[{"taxonomy":"category","embeddable":true,"href":"https:\/\/mg-bechterdissen.de\/index.php?rest_route=%2Fwp%2Fv2%2Fcategories&post=3325"},{"taxonomy":"post_tag","embeddable":true,"href":"https:\/\/mg-bechterdissen.de\/index.php?rest_route=%2Fwp%2Fv2%2Ftags&post=3325"}],"curies":[{"name":"wp","href":"https:\/\/api.w.org\/{rel}","templated":true}]}}